{"id":2518,"date":"2025-06-07T21:35:29","date_gmt":"2025-06-07T19:35:29","guid":{"rendered":"https:\/\/lebribri.fr\/?p=2518"},"modified":"2025-06-07T21:35:31","modified_gmt":"2025-06-07T19:35:31","slug":"les-700-muscles","status":"publish","type":"post","link":"https:\/\/lebribri.fr\/?p=2518","title":{"rendered":"Les 700 muscl\u00e9s"},"content":{"rendered":"\n<p>Il existe tellement d&#8217;endroits remplis d&#8217;histoires dans <strong>Paris <\/strong>que j&#8217;avoue avoir du choix pour illustrer ce blog.<br>Mais il en est un particuli\u00e8rement qui, \u00e0 lui seul, peut donner lieu \u00e0 de nombreux articles.<br>Qui mieux qu&#8217;<strong>Emile Zola<\/strong> peut nous en parler, avec le magnifique style qui est le sien ?<\/p>\n\n\n\n<blockquote class=\"wp-block-quote is-layout-flow wp-block-quote-is-layout-flow\">\n<p>\u00ab Des camions arrivaient au trot, encombrant le march\u00e9 de la Vall\u00e9e de cageots pleins de volailles vivantes, et de paniers carr\u00e9s o\u00f9 des volailles mortes \u00e9taient rang\u00e9es par lits profonds. <br>Sur le trottoir oppos\u00e9, d\u2019autres camions d\u00e9chargeaient des veaux entiers, emmaillot\u00e9s d\u2019une nappe, couch\u00e9s tout du long, comme des enfants, dans des mannes qui ne laissaient passer que les quatre moignons, \u00e9cart\u00e9s et saignants. Il y avait aussi des moutons entiers, des quartiers de b\u0153uf, des cuisseaux, des \u00e9paules. <br>Les bouchers, avec de grands tabliers blancs, marquaient la viande d\u2019un timbre, la voituraient, la pesaient, l\u2019accrochaient aux barres de la cri\u00e9e ; tandis que, le visage coll\u00e9 aux grilles, il [Florent] regardait ces files de corps pendus, les b\u0153ufs et les moutons rouges, les veaux plus p\u00e2les, tach\u00e9s de jaune par la graisse et les tendons, le ventre ouvert. <br>Il passa au carreau de la triperie, parmi les t\u00eates et les pieds de veau blafards, les tripes proprement roul\u00e9es en paquets dans des bo\u00eetes, les cervelles rang\u00e9es d\u00e9licatement sur des paniers plats, les foies saignants, les rognons viol\u00e2tres.<br>Il s\u2019arr\u00eata aux longues charrettes \u00e0 deux roues, couvertes d\u2019une b\u00e2che ronde, qui apportent des moiti\u00e9s de cochon, accroch\u00e9es des deux c\u00f4t\u00e9s aux ridelles, au-dessus d\u2019un lit de paille ; les culs des charrettes ouverts montraient des chapelles ardentes, des enfoncements de tabernacle, dans les lueurs flambantes de ces chairs r\u00e9guli\u00e8res et nues ; et, sur le lit de paille, il y avait des bo\u00eetes de fer-blanc, pleines du sang des cochons \u00bb <\/p>\n<\/blockquote>\n\n\n\n<p>Ce texte est tir\u00e9 du livre &#8220;<strong><em>Le Ventre de Paris<\/em><\/strong>&#8221; (1873).<br>Oui, vous avez devin\u00e9. C&#8217;est des <strong>Halles <\/strong>dont je veux vous parler. <br>L\u2019origine des Halles remonte au <strong>XII\u00e8me <\/strong>si\u00e8cle, en <strong>1137<\/strong>, lorsque <strong>Louis VI<\/strong> met en place un premier march\u00e9 \u00e0 cet emplacement, sur d\u2019anciens mar\u00e9cages. Et c\u2019est&nbsp;<a href=\"https:\/\/www.pariszigzag.fr\/histoire-insolite-paris\/vestiges-enceinte-philippe-auguste\" target=\"_blank\" rel=\"noreferrer noopener\">Philippe Auguste<\/a>&nbsp;qui y ajoutera en <strong>1183 <\/strong>les premi\u00e8res halles en bois.<br>Les Halles y resteront <strong>huit <\/strong>si\u00e8cles. <br>Le&nbsp;<strong>14 mars 1960<\/strong>, le transfert \u00e0&nbsp;<a href=\"https:\/\/fr.wikipedia.org\/wiki\/March%C3%A9_d%27int%C3%A9r%C3%AAt_national_de_Rungis\">Rungis<\/a>&nbsp;est d\u00e9cid\u00e9. C&#8217;est <a href=\"https:\/\/fr.wikipedia.org\/wiki\/Michel_Debr%C3%A9\" title=\"\">Michel Debr\u00e9<\/a> alors <strong>Premier Ministre<\/strong> qui en prend la d\u00e9cision. Le <strong>3 mars 1969<\/strong>, le march\u00e9 de <strong>Rungis <\/strong>ouvre officiellement ses portes.<br>La suite vous la connaissez : c&#8217;est la destruction des pavillons <strong>Baltard<\/strong>. Un pavillon, le&nbsp;<strong>n<sup>o<\/sup>&nbsp;8<\/strong>, qui abritait le march\u00e9 aux \u0153ufs et \u00e0 la volaille, est d\u00e9mont\u00e9 et reconstruit \u00e0 <strong>Nogent sur Marne<\/strong> pour y abriter une salle de spectacle baptis\u00e9e \u00ab&nbsp;<a href=\"https:\/\/fr.wikipedia.org\/wiki\/Pavillon_Baltard\">Pavillon Baltard<\/a>&nbsp;\u00bb.<br>Devant la crainte d&#8217;une invasion de rats \u00e0 la recherche de nourriture, maintenant que le march\u00e9 avait disparu, 150 techniciens d\u00e9vers\u00e8rent 10 tonnes d&#8217;aliments empoisonn\u00e9s dans les locaux abandonn\u00e9s, permettant de tuer environ 20&nbsp;000 rats. Peut-\u00eatre \u00e9tait ce la boutique <strong>Aurouze <\/strong>qui existe toujours au <strong>8, rue des Halles<\/strong> et dont nous avions parl\u00e9 dans un <a href=\"https:\/\/lebribri.fr\/?p=817\" title=\"\">pr\u00e9c\u00e9dent article<\/a>, qui avait fourni le poison.<br><br>Un <a href=\"https:\/\/lebribri.fr\/?p=1284\" title=\"\">ancien article <\/a>vous avait aussi fait d\u00e9couvrir le circuit surprenant du poisson pour une arriv\u00e9e matinale aux <strong>Halles<\/strong>.<br>Mais, il y aurait bien des choses \u00e0 raconter sur les Halles.  Un article n&#8217;y suffira pas. C&#8217;est pourquoi, nous allons nous int\u00e9resser uniquement \u00e0 trois sujets.<\/p>\n\n\n\n<h2 class=\"wp-block-heading\">> Les tasseurs<\/h2>\n\n\n\n<p>Lors de la mise en place des nouvelles Halles de <strong>Baltard<\/strong>, les r\u00e8gles \u00e9taient devenus tr\u00e8s strictes. Sur le carreau, les emplacements \u00e9taient bien d\u00e9limit\u00e9s.<br>Le march\u00e9 d\u00e9butait avec la nuit. <br>Chaque m\u00e8tre carr\u00e9 du carreau \u00e9tait trac\u00e9 pour d\u00e9limiter les emplacements des vendeurs. <br>A l&#8217;\u00e9poque des chevaux, les maraichers des environs de Paris venaient dans la nuit apporter leurs r\u00e9coltes aux Halles. Souvent, le maraicher dormait sur la cariole pendant les 3 heures du trajet. <br>Le cheval, connaissant le chemin qu&#8217;il faisait  tous les jours, amenait seul le chargement \u00e0 destination. A l&#8217;arriv\u00e9e on r\u00e9veillait le maraicher.<br>Avant que les cageots et caisses soient utilis\u00e9s, vers 1950, tous les l\u00e9gumes \u00e9taient entass\u00e9s \u00e0 m\u00eame le sol, carottes, navets, poireaux, salades. <\/p>\n\n\n<div class=\"wp-block-image\">\n<figure class=\"aligncenter size-full is-resized\"><img fetchpriority=\"high\" decoding=\"async\" width=\"800\" height=\"516\" src=\"https:\/\/lebribri.fr\/wp-content\/uploads\/2024\/02\/carreauDesHalles.jpg\" alt=\"\" class=\"wp-image-2545\" style=\"width:535px;height:auto\" srcset=\"https:\/\/lebribri.fr\/wp-content\/uploads\/2024\/02\/carreauDesHalles.jpg 800w, https:\/\/lebribri.fr\/wp-content\/uploads\/2024\/02\/carreauDesHalles-300x194.jpg 300w, https:\/\/lebribri.fr\/wp-content\/uploads\/2024\/02\/carreauDesHalles-768x495.jpg 768w\" sizes=\"(max-width: 800px) 100vw, 800px\" \/><\/figure><\/div>\n\n\n<p>Les voitures des maraichers ou des cultivateurs arrivaient charg\u00e9es \u00e0 ras bord, se rangeaient pr\u00e8s des emplacements et des hommes faisaient la cha\u00eene pour transf\u00e9rer les l\u00e9gumes sur le carreau. <br>En bout de cha\u00eene, les &#8220;<strong>tasseurs<\/strong>&#8221; empilaient la marchandise afin de faire un tas le plus haut possible pour mettre le plus de l\u00e9gumes dans l&#8217;espace d\u00e9limit\u00e9. <br>Les hommes d\u00e9chargeaient par exemple <strong>2800 <\/strong>\u00e0 <strong>3000 <\/strong>bottes de poireaux \u00e0 l&#8217;heure.<br>Ensuite, \u00e9puis\u00e9s, ils allaient dormir une heure ou deux dans les arri\u00e8re salles de bars des Halles sur des paillasses et revenaient au moment de la vente pour le transport des clients.<\/p>\n\n\n\n<h2 class=\"wp-block-heading\">&gt; Les forts des Halles<\/h2>\n\n\n\n<p>Une corporation va aussi dispara\u00eetre avec le transfert du march\u00e9 \u00e0 <strong>Rungis<\/strong>, celle de ces porteurs qu&#8217;on nommait les <a href=\"https:\/\/fr.wikipedia.org\/wiki\/Forts_des_Halles\" title=\"\"><strong>forts des Halles<\/strong>.<\/a> <br>On les appelait anciennement les &#8220;<strong><em>700 muscl\u00e9s<\/em><\/strong>&#8220;.<br>Ces manutentionnaires \u00e9taient charg\u00e9s de transf\u00e9rer les marchandises de l&#8217;ext\u00e9rieur vers l&#8217;int\u00e9rieur des pavillons. <br>Leur tenue \u00e9tait caract\u00e9ristique car ils portaient le \u00ab\u00a0<strong>coltin\u00a0<\/strong>\u00bb\u00a0: un vaste chapeau en cuir jaune \u00e0 tr\u00e8s larges bords et muni d&#8217;une calotte de plomb \u00e0 l&#8217;int\u00e9rieur, qui leur permettait de supporter les lourdes charges \u00ab\u00a0<strong>coltin\u00e9es\u00a0<\/strong>\u00bb sur la t\u00eate et qui la prot\u00e9geait, ainsi que le cou et les \u00e9paules. D&#8217;o\u00f9 l&#8217;expression &#8220;<strong>se coltiner<\/strong>&#8221; pour subir, supporter quelque chose de p\u00e9nible ou devoir faire une corv\u00e9e.<\/p>\n\n\n<div class=\"wp-block-image\">\n<figure class=\"aligncenter size-full is-resized\"><img decoding=\"async\" width=\"634\" height=\"853\" data-src=\"https:\/\/lebribri.fr\/wp-content\/uploads\/2024\/02\/FortDesHalles.png\" alt=\"\" class=\"wp-image-2522 lazyload\" style=\"--smush-placeholder-width: 634px; --smush-placeholder-aspect-ratio: 634\/853;width:458px;height:auto\" data-srcset=\"https:\/\/lebribri.fr\/wp-content\/uploads\/2024\/02\/FortDesHalles.png 634w, https:\/\/lebribri.fr\/wp-content\/uploads\/2024\/02\/FortDesHalles-223x300.png 223w\" data-sizes=\"(max-width: 634px) 100vw, 634px\" src=\"data:image\/gif;base64,R0lGODlhAQABAAAAACH5BAEKAAEALAAAAAABAAEAAAICTAEAOw==\" \/><\/figure><\/div>\n\n\n<p>Pour faire partie de cette corporation, il fallait \u00eatre tr\u00e8s robuste physiquement, \u00eatre fran\u00e7ais, avoir fait son service militaire, avoir son certificat d&#8217;\u00e9tudes et un casier judiciaire vierge. <br>Le test de la dict\u00e9e \u00e9tait \u00e9liminatoire. <br>Mais il fallait surtout  passer avec succ\u00e8s une \u00e9preuve consistant \u00e0 porter sur une distance de <strong>60<\/strong> m\u00e8tres une charge de <strong>200 kg<\/strong> compos\u00e9e de pav\u00e9s des rues de <strong>Paris<\/strong>.<br><br>Parmi ces forts des Halles, les plus impressionnants \u00e9taient ceux qui travaillaient au pavillon de la viande. <br>Chaque matin, ils d\u00e9barquaient les carcasses de demi b\u0153uf qui arrivaient des abattoirs par camion, les portaient sur une bonne soixantaine de m\u00e8tres pour venir les pendre aux crocs du pavillon.  <\/p>\n\n\n<div class=\"wp-block-image\">\n<figure class=\"aligncenter size-full is-resized\"><img decoding=\"async\" width=\"478\" height=\"451\" data-src=\"https:\/\/lebribri.fr\/wp-content\/uploads\/2024\/02\/FortDesHalles2.png\" alt=\"\" class=\"wp-image-2523 lazyload\" style=\"--smush-placeholder-width: 478px; --smush-placeholder-aspect-ratio: 478\/451;width:309px;height:auto\" data-srcset=\"https:\/\/lebribri.fr\/wp-content\/uploads\/2024\/02\/FortDesHalles2.png 478w, https:\/\/lebribri.fr\/wp-content\/uploads\/2024\/02\/FortDesHalles2-300x283.png 300w\" data-sizes=\"(max-width: 478px) 100vw, 478px\" src=\"data:image\/gif;base64,R0lGODlhAQABAAAAACH5BAEKAAEALAAAAAABAAEAAAICTAEAOw==\" \/><\/figure><\/div>\n\n\n<p>Elles pesaient plus de <strong>120 <\/strong>kg en moyenne et pouvaient atteindre <strong>200 <\/strong>kg. Une \u00e9quipe de forts d\u00e9chargeait ainsi jusqu&#8217;\u00e0 <strong>1000 <\/strong>carcasses dans la nuit. 2 forts mettaient 30 mn pour d\u00e9charger 5 tonnes de viandes !<\/p>\n\n\n\n<p><em>Pour ceux qui veulent en savoir plus, je vous recommande les reportages archiv\u00e9s aujourd&#8217;hui \u00e0 l&#8217;INA. Celui l\u00e0 dure 1 heure 5 mais vous mettra dans l&#8217;ambiance.<\/em><\/p>\n\n\n\n<figure class=\"wp-block-embed is-type-video is-provider-youtube wp-block-embed-youtube wp-embed-aspect-16-9 wp-has-aspect-ratio\"><div class=\"wp-block-embed__wrapper\">\n<p class=\"responsive-video-wrap clr\"><iframe title=\"1969 : Les Halles, m\u00e9moires du ventre de Paris | Archive INA\" width=\"1200\" height=\"675\" data-src=\"https:\/\/www.youtube.com\/embed\/HOcxel8ma2w?feature=oembed\" frameborder=\"0\" allow=\"accelerometer; autoplay; clipboard-write; encrypted-media; gyroscope; picture-in-picture; web-share\" allowfullscreen src=\"data:image\/gif;base64,R0lGODlhAQABAAAAACH5BAEKAAEALAAAAAABAAEAAAICTAEAOw==\" class=\"lazyload\" data-load-mode=\"1\"><\/iframe><\/p>\n<\/div><\/figure>\n\n\n\n<p>Il \u00e9tait de tradition que les <strong>Forts des<\/strong> <strong>Halles <\/strong>apportent le muguet au <strong>Pr\u00e9sident de la R\u00e9publique<\/strong> chaque <strong>1er mai.<\/strong><br>En1952, les <strong>Forts des Halles<\/strong> \u00e9taient au nombre de <strong>710<\/strong>. Ils n&#8217;\u00e9taient plus que <strong>269 <\/strong>lors du transfert \u00e0 Rungis en <strong>1969<\/strong>. <br>Un arr\u00eat\u00e9 du pr\u00e9fet de police, en date du <strong>22 f\u00e9vrier 1969<\/strong> transforma les&nbsp;<strong>Forts des Halles<\/strong>&nbsp;en un corps d\u2019agents de contr\u00f4le et de surveillance.<\/p>\n\n\n\n<h2 class=\"wp-block-heading\">&gt; Le louch\u00e9bem<\/h2>\n\n\n\n<p>Que ce soit dans les <strong>Halles <\/strong>ou dans les boucheries des environs, on parlait un dr\u00f4le de langage. <br>Peut-\u00eatre une habitude cr\u00e9\u00e9e pour que les bouchers puissent parler entre eux face \u00e0 un client casse-pieds. <br>Les bouchers avait leur argot : le <strong>louch\u00e9bem<\/strong>. Pour sa syntaxe, il reprend la construction de l\u2019argot des brigands parl\u00e9 au d\u00e9but du XIXe si\u00e8cle dans les prisons fran\u00e7aises.<\/p>\n\n\n<div class=\"wp-block-image\">\n<figure class=\"aligncenter size-full is-resized\"><img decoding=\"async\" width=\"628\" height=\"822\" data-src=\"https:\/\/lebribri.fr\/wp-content\/uploads\/2024\/02\/Bouchers2.png\" alt=\"\" class=\"wp-image-2524 lazyload\" style=\"--smush-placeholder-width: 628px; --smush-placeholder-aspect-ratio: 628\/822;width:445px;height:auto\" data-srcset=\"https:\/\/lebribri.fr\/wp-content\/uploads\/2024\/02\/Bouchers2.png 628w, https:\/\/lebribri.fr\/wp-content\/uploads\/2024\/02\/Bouchers2-229x300.png 229w\" data-sizes=\"(max-width: 628px) 100vw, 628px\" src=\"data:image\/gif;base64,R0lGODlhAQABAAAAACH5BAEKAAEALAAAAAABAAEAAAICTAEAOw==\" \/><figcaption class=\"wp-element-caption\">Bouchers dans les sous-sols des Halles<\/figcaption><\/figure><\/div>\n\n\n<p>Le <strong>louchebem <\/strong>\u00e9tait parl\u00e9 dans les <strong>Halles<\/strong>, les abattoirs et les boucheries.<br>Pour que vous puissiez briller en soci\u00e9t\u00e9, je vais vous en donner les cl\u00e9s.<br>Pour parler &#8220;<strong>Louch\u00e9bem<\/strong>&#8220;, rien de plus simple : vous remplacez la premi\u00e8re lettre du mot par un<strong> L,<\/strong> puis vous placez cette premi\u00e8re lettre \u00e0 la fin du mot. Enfin pour d\u00e9corer le tout vous rajouter un suffixe  &#8211;<strong>\u00e9, -em, -oc,&nbsp;\u2013uche, \u2013<em>ic&nbsp;<\/em><\/strong> selon la sonorit\u00e9 et les go\u00fbts de chacun.<br>Prenons un exemple le mot &#8220;<strong>BOUCHER<\/strong>&#8220;.<\/p>\n\n\n\n<p class=\"has-text-align-center\"><strong>BOUCHER  <\/strong>devient <strong>OUCH\u00c9B <\/strong>puis<strong> LOUCH\u00c9B <\/strong>et enfin <strong>LOUCH\u00c9BEM<\/strong><\/p>\n\n\n\n<p>C&#8217;est simple. <br>Dans la conversation &#8220;<strong><em>Sert un morceau de gigot \u00e0 Madame<\/em><\/strong>&#8221; deviendra &#8220;<strong><em>Lerssem un lorceaumic de ligogem \u00e0 ladamematte<\/em><\/strong>&#8220;.<\/p>\n\n\n\n<p>Certes il vous faudra un peu d&#8217;entrainement.<br>Mais en attendant : &#8220;<strong><em>A lient\u00f4bem pour de lautrequ\u00e9s lanecdotepuches sur laripocs<\/em><\/strong>&#8220;&#8230;<\/p>\n\n\n\n<p class=\"has-text-align-left\"><br><\/p>\n\n\n\n<p><br><br><\/p>\n","protected":false},"excerpt":{"rendered":"<p>Il existe tellement d&#8217;endroits remplis d&#8217;histoires dans Paris que j&#8217;avoue avoir du choix pour illustrer ce blog.Mais il en est un particuli\u00e8rement qui, \u00e0 lui seul, peut donner lieu \u00e0 de nombreux articles.Qui mieux qu&#8217;Emile Zola peut nous en parler, avec le magnifique style qui est le sien ? \u00ab Des camions arrivaient au trot, [&hellip;]<\/p>\n","protected":false},"author":2,"featured_media":2519,"comment_status":"open","ping_status":"open","sticky":false,"template":"","format":"standard","meta":{"om_disable_all_campaigns":false,"_monsterinsights_skip_tracking":false,"_monsterinsights_sitenote_active":false,"_monsterinsights_sitenote_note":"","_monsterinsights_sitenote_category":0,"_uf_show_specific_survey":0,"_uf_disable_surveys":false,"_themeisle_gutenberg_block_has_review":false,"footnotes":""},"categories":[6,16,7],"tags":[],"class_list":["post-2518","post","type-post","status-publish","format-standard","has-post-thumbnail","hentry","category-decouverte-de-paris","category-histoire","category-lieux-insolites","entry","has-media"],"aioseo_notices":[],"_links":{"self":[{"href":"https:\/\/lebribri.fr\/index.php?rest_route=\/wp\/v2\/posts\/2518","targetHints":{"allow":["GET"]}}],"collection":[{"href":"https:\/\/lebribri.fr\/index.php?rest_route=\/wp\/v2\/posts"}],"about":[{"href":"https:\/\/lebribri.fr\/index.php?rest_route=\/wp\/v2\/types\/post"}],"author":[{"embeddable":true,"href":"https:\/\/lebribri.fr\/index.php?rest_route=\/wp\/v2\/users\/2"}],"replies":[{"embeddable":true,"href":"https:\/\/lebribri.fr\/index.php?rest_route=%2Fwp%2Fv2%2Fcomments&post=2518"}],"version-history":[{"count":7,"href":"https:\/\/lebribri.fr\/index.php?rest_route=\/wp\/v2\/posts\/2518\/revisions"}],"predecessor-version":[{"id":2546,"href":"https:\/\/lebribri.fr\/index.php?rest_route=\/wp\/v2\/posts\/2518\/revisions\/2546"}],"wp:featuredmedia":[{"embeddable":true,"href":"https:\/\/lebribri.fr\/index.php?rest_route=\/wp\/v2\/media\/2519"}],"wp:attachment":[{"href":"https:\/\/lebribri.fr\/index.php?rest_route=%2Fwp%2Fv2%2Fmedia&parent=2518"}],"wp:term":[{"taxonomy":"category","embeddable":true,"href":"https:\/\/lebribri.fr\/index.php?rest_route=%2Fwp%2Fv2%2Fcategories&post=2518"},{"taxonomy":"post_tag","embeddable":true,"href":"https:\/\/lebribri.fr\/index.php?rest_route=%2Fwp%2Fv2%2Ftags&post=2518"}],"curies":[{"name":"wp","href":"https:\/\/api.w.org\/{rel}","templated":true}]}}