{"id":2779,"date":"2025-06-05T16:35:49","date_gmt":"2025-06-05T14:35:49","guid":{"rendered":"https:\/\/lebribri.fr\/?p=2779"},"modified":"2025-06-05T16:42:09","modified_gmt":"2025-06-05T14:42:09","slug":"emmanuel-anne-genevieve-benoit-joseph-et-les-autres","status":"publish","type":"post","link":"https:\/\/lebribri.fr\/?p=2779","title":{"rendered":"Emmanuel, Anne-Genevi\u00e8ve, Benoit-Joseph et les autres"},"content":{"rendered":"\n<p>Non, il ne s&#8217;agit pas d&#8217;une nouvelle version du film &#8220;<em><strong><a href=\"https:\/\/fr.wikipedia.org\/wiki\/Vincent,_Fran%C3%A7ois,_Paul%E2%80%A6_et_les_autres\" title=\"\">Vincent, Fran\u00e7ois, Paul\u2026 et les autres<\/a><\/strong><\/em>&#8221;&nbsp;r\u00e9alis\u00e9 par&nbsp;<a href=\"https:\/\/fr.wikipedia.org\/wiki\/Claude_Sautet\">Claude Sautet<\/a> en <strong>1974 <\/strong>mais du nom des <strong>10 cloches<\/strong> de la cath\u00e9drale <strong>Notre Dame de Paris<\/strong>. <br>Le savez-vous ? Chaque cloche d&#8217;\u00e9glise ou de monument religieux porte un pr\u00e9nom et est baptis\u00e9e. Jusqu&#8217;\u00e0 la R\u00e9volution, elle \u00e9tait m\u00eame inscrite au registre de l&#8217;\u00e9tat-civil de la commune comme tout nouveau n\u00e9.<br>Il y a en France plus de <strong>300.000 <\/strong>cloches dont <strong>4.500<\/strong> sont class\u00e9es. Notamment celles qui sont ant\u00e9rieures \u00e0 la <strong>R\u00e9volution Fran\u00e7aise<\/strong>, \u00e9poque o\u00f9 un grand nombre de cloches furent d\u00e9truites ou fondues.<br>Les cloches des \u00e9glises ont toujours rythm\u00e9 la vie quotidienne des villageois. <br>Si elles les invitaient \u00e0 l&#8217;office, elles c\u00e9l\u00e9braient les bapt\u00eames, les mariages et les enterrements. Depuis le <strong>Concordat<\/strong>, en <strong>1801<\/strong>, elles sonnent aussi les heures de la journ\u00e9e.<\/p>\n\n\n\n<h2 class=\"wp-block-heading\">&gt; Saintiers et Sonneurs de Cloches<\/h2>\n\n\n\n<p>Nous avons tous en m\u00e9moire le personnage du roman de <strong>Victor Hugo<\/strong>, &#8220;<strong><em>Notre Dame de Paris<\/em><\/strong>&#8220;, <a href=\"https:\/\/fr.wikipedia.org\/wiki\/Quasimodo_(personnage)\" title=\"\">Quasimodo<\/a>, sonneur de cloche sourd de la cath\u00e9drale. <br>Au Moyen-Age, <strong>sonneur de cloche<\/strong> \u00e9tait un m\u00e9tier dangereux car il \u00e9tait courant que la foudre frappe l&#8217;\u00e9glise. <br>M\u00eame si les cloches portaient quelques fois l&#8217;inscription &#8220;<strong><em>Fulgura Frango&#8221;<\/em><\/strong> (&#8220;Je d\u00e9truis la foudre&#8221;), les accidents \u00e9taient nombreux, le bronze \u00e9tant tr\u00e8s conducteur.<br>Avant que des fonderies sp\u00e9cialis\u00e9es soient cr\u00e9\u00e9es, c&#8217;\u00e9taient les &#8220;<strong>saintiers<\/strong>&#8221; qui se d\u00e9pla\u00e7aient de village en village pour r\u00e9parer une cloche fendue ou refondre une nouvelle cloche. <br>Ils fondaient aussi les canons. Il faut dire que cloche et canon comportent le m\u00eame alliage de bronze (78% de cuivre rouge et de 22% d\u2019\u00e9tain) et sont r\u00e9alis\u00e9s de la m\u00eame mani\u00e8re. <\/p>\n\n\n<div class=\"wp-block-image\">\n<figure class=\"aligncenter size-full is-resized\"><img fetchpriority=\"high\" decoding=\"async\" width=\"512\" height=\"640\" src=\"https:\/\/lebribri.fr\/wp-content\/uploads\/2024\/05\/Krakow_bell_caster_from_Behem_Codex_1505.jpg\" alt=\"\" class=\"wp-image-2792\" style=\"width:422px;height:auto\" srcset=\"https:\/\/lebribri.fr\/wp-content\/uploads\/2024\/05\/Krakow_bell_caster_from_Behem_Codex_1505.jpg 512w, https:\/\/lebribri.fr\/wp-content\/uploads\/2024\/05\/Krakow_bell_caster_from_Behem_Codex_1505-240x300.jpg 240w\" sizes=\"(max-width: 512px) 100vw, 512px\" \/><\/figure><\/div>\n\n\n<p>Ce m\u00e9tier \u00e9tait complexe, car il fallait \u00e0 la fois ma\u00eetriser le feu, la terre, le m\u00e9tal et l\u2019air.&nbsp;<br>La technique de la fonte, les secrets du m\u00e9tier, la composition de l\u2019alliage, la confection des moules se transmettaient de p\u00e8re en fils. <br>Une fois l&#8217;apprentissage fait au sein de la famille, le saintier prenait souvent la route plusieurs mois au d\u00e9but du <strong>Car\u00eame<\/strong>, le mercredi des <strong>Cendres<\/strong>.&nbsp;<br>La technique de fabrication d\u2019une cloche monumentale n\u2019a pas boug\u00e9 depuis des si\u00e8cles.&nbsp;<br>Les moules sont un empilement de couches d\u2019argile, de crottin de cheval et de poils de ch\u00e8vre sur un noyau de briques<strong>.<\/strong>&nbsp;Et la fonte est toujours coul\u00e9e \u00e0 l\u2019envers dans le moule, lui-m\u00eame install\u00e9 dans une fosse.<\/p>\n\n\n\n<p>Aujourd&#8217;hui, il ne reste que 3 fondeurs de cloches en France dont l<em>a <a href=\"https:\/\/fr.wikipedia.org\/wiki\/Fonderie_Cornille-Havard\" title=\"\">Fonderie Cornille Havard<\/a><\/em> qui a notamment fondu 8 cloches pour Notre Dame en 2013.<\/p>\n\n\n\n<h2 class=\"wp-block-heading\">&gt; Une technique h\u00e9rit\u00e9e du Moyen-Age<\/h2>\n\n\n\n<p>A l&#8217;exception de la phase de conception qui est aujourd&#8217;hui informatis\u00e9e, permettant de d\u00e9terminer la forme, la masse en fonction de la note attendue, le processus de fabrication reste celui qui \u00e9tait utilis\u00e9 au <strong>Moyen-Age.<\/strong><br>Un foyer central est construit en briques. Il est recouvert sur son ext\u00e9rieur d&#8217;un m\u00e9lange d&#8217;argile, de crottin de cheval et de poils de ch\u00e8vre qui va donner la forme int\u00e9rieure de la cloche.&nbsp;Une couche isolante est ensuite pos\u00e9e pour accueillir la &#8220;<strong>fausse cloche<\/strong>&#8220;. <br>Constitu\u00e9e d&#8217;argile et recouverte de cire, elle prend la place de la future cloche. <br>Les motifs d&#8217;ornement de la cloche sont r\u00e9alis\u00e9s en cire. Le tout est recouvert \u00e0 nouveau d&#8217;un m\u00e9lange d&#8217;argile, de crottin de cheval et de poils de ch\u00e8vre. On appelle cette partie &#8220;<strong>la chape<\/strong>&#8220;.<\/p>\n\n\n<div class=\"wp-block-image\">\n<figure class=\"aligncenter size-full is-resized\"><img decoding=\"async\" width=\"380\" height=\"491\" data-src=\"https:\/\/lebribri.fr\/wp-content\/uploads\/2024\/05\/Chape.jpg\" alt=\"\" class=\"wp-image-2786 lazyload\" style=\"--smush-placeholder-width: 380px; --smush-placeholder-aspect-ratio: 380\/491;width:317px;height:auto\" data-srcset=\"https:\/\/lebribri.fr\/wp-content\/uploads\/2024\/05\/Chape.jpg 380w, https:\/\/lebribri.fr\/wp-content\/uploads\/2024\/05\/Chape-232x300.jpg 232w\" data-sizes=\"(max-width: 380px) 100vw, 380px\" src=\"data:image\/gif;base64,R0lGODlhAQABAAAAACH5BAEKAAEALAAAAAABAAEAAAICTAEAOw==\" \/><\/figure><\/div>\n\n\n<p>Tout au long du processus, le feu s\u00e8che les diff\u00e9rentes couches; la cire fond et marque les empreintes des d\u00e9cors dans la chape. Puis la chape est soulev\u00e9e et la fausse cloche cass\u00e9e. <br>La chape est remise \u00e0 sa place et le bronze est coul\u00e9 \u00e0 <strong>1200 <\/strong>degr\u00e9s. <br>L&#8217;ensemble ira refroidir dans une fosse. <br>Chez <strong>Cornille Havard<\/strong>, on coule toutes les cloches, y compris les plus grosses, la t\u00eate en bas. Cela a permis d\u2019am\u00e9liorer la musicalit\u00e9 des cloches.\u00a0<br>L&#8217;atelier se visite. Si vous passez par le d\u00e9partement de la Manche, n&#8217;h\u00e9sitez pas \u00e0 vous arr\u00eater \u00e0 la <a href=\"http:\/\/50800 Villedieu-les-Po\u00eales\" title=\"\">fonderie<\/a> \u00e0 <strong>Villedieu-les-Po\u00eales<\/strong>.<\/p>\n\n\n\n<h2 class=\"wp-block-heading\">&gt; Les cloches de Notre Dame sonnaient faux<\/h2>\n\n\n\n<p>Revenons aux cloches de Notre Dame.<br>En <strong>2011<\/strong>, pour les <strong>850 <\/strong>ans de la cath\u00e9drale, il est d\u00e9cid\u00e9 de remplacer une partie des cloches, celles-ci ne sonnant plus tr\u00e8s juste. <br>Il est surtout envisag\u00e9 de restaurer l&#8217;ensemble des cloches telles qu&#8217;elles \u00e9taient au <strong>Moyen-Age <\/strong>et avant la <strong>R\u00e9volution<\/strong>. Des recherches sont faites et une somme de pr\u00e8s de <strong>2 millions d&#8217;euros <\/strong>est collect\u00e9e via des fonds priv\u00e9s. <br>Sur l&#8217;ensemble des cloches de <strong>Notre Dame<\/strong>, seul le bourdon &#8220;<strong><em>Emmanuel<\/em><\/strong>&#8221; reste en place. Il date de <strong>1681<\/strong> et a \u00e9t\u00e9 fondu \u00e0 partir de l&#8217;ancien bourdon &#8220;<strong><em>Jacqueline<\/em><\/strong>&#8221; qui datait de <strong>1430<\/strong>. <br>D&#8217;un diam\u00e8tre de <strong>2,62 m<\/strong>, il p\u00e8se plus de <strong>13 tonnes<\/strong>. <br>Un <strong>campanologiste&nbsp;<\/strong>vous pr\u00e9ciserait qu&#8217;il sonne en <strong>fa#<\/strong>.<\/p>\n\n\n<div class=\"wp-block-image\">\n<figure class=\"aligncenter size-full is-resized\"><img decoding=\"async\" width=\"930\" height=\"620\" data-src=\"https:\/\/lebribri.fr\/wp-content\/uploads\/2024\/05\/ExpositionCloches2013.jpg\" alt=\"\" class=\"wp-image-2785 lazyload\" style=\"--smush-placeholder-width: 930px; --smush-placeholder-aspect-ratio: 930\/620;width:618px;height:auto\" data-srcset=\"https:\/\/lebribri.fr\/wp-content\/uploads\/2024\/05\/ExpositionCloches2013.jpg 930w, https:\/\/lebribri.fr\/wp-content\/uploads\/2024\/05\/ExpositionCloches2013-300x200.jpg 300w, https:\/\/lebribri.fr\/wp-content\/uploads\/2024\/05\/ExpositionCloches2013-768x512.jpg 768w\" data-sizes=\"(max-width: 930px) 100vw, 930px\" src=\"data:image\/gif;base64,R0lGODlhAQABAAAAACH5BAEKAAEALAAAAAABAAEAAAICTAEAOw==\" \/><figcaption class=\"wp-element-caption\">Exposition des nouvelles cloches en 2013<\/figcaption><\/figure><\/div>\n\n\n<p>Les quatre cloches sont d\u00e9pos\u00e9es et contrairement \u00e0 une id\u00e9e re\u00e7ue, elles ne sont fondues pour faire de nouvelles cloches. <br>Il avait \u00e9t\u00e9 envisag\u00e9 qu&#8217;elles soient fondues et servent \u00e0 la fabrication puis \u00e0 la vente de <strong>100 000 <\/strong>clochettes \u00e0 <strong>2 <\/strong>\u20ac l&#8217;unit\u00e9, <strong>10 000<\/strong> \u00e0 <strong>20 <\/strong>\u20ac l&#8217;unit\u00e9 et <strong>100 <\/strong>\u00e0 <strong>200<\/strong>\u20ac l&#8217;unit\u00e9.<br>Elles sont finalement expos\u00e9es, \u00e0 l\u2019ext\u00e9rieur au niveau du chevet nord de la cath\u00e9drale o\u00f9 elles sont toujours visibles depuis la rue, en face du num\u00e9ro 6 ter de la rue du <strong>Clo\u00eetre-Notre-Dame<\/strong>.&nbsp;<br>En <strong>2013<\/strong>, c&#8217;est la fonderie <strong>Cornille Havard<\/strong> qui est charg\u00e9e de la fabrication des <strong>8 <\/strong>nouvelles cloches.<br>Elles seront baptis\u00e9es et expos\u00e9es au public<strong> <\/strong>avant d&#8217;\u00eatre install\u00e9es dans les beffrois de la cath\u00e9drale.<br>&#8220;<strong><em>Gabriel<\/em>&#8221;&nbsp;<\/strong>sonne le <strong>la<\/strong><a href=\"https:\/\/commons.wikimedia.org\/wiki\/File:Llpd%2B1.svg?uselang=fr\"><\/a>;&nbsp; &#8220;<em><strong>Anne-Genevi\u00e8ve<\/strong><\/em>&#8221;&nbsp;sonne un <strong>si\u2009<\/strong>;&nbsp;&#8220;<em><strong>Denis<\/strong><\/em>&#8221;&nbsp;sonne un <strong>do<a href=\"https:\/\/commons.wikimedia.org\/wiki\/File:Llpd%2B1.svg?uselang=fr\"><\/a>\u2009<\/strong>;&nbsp;&#8220;<em><strong>Marcel<\/strong><\/em>&#8221;&nbsp;sonne un <strong>r\u00e9<a href=\"https:\/\/commons.wikimedia.org\/wiki\/File:Llpd%2B1.svg?uselang=fr\"><\/a>\u2009<\/strong>;&nbsp;&#8220;<strong><em>\u00c9tienne<\/em>&#8221;&nbsp;<\/strong>sonne un <strong>fa\u2009<\/strong>;&nbsp;&#8220;<em><strong>Beno\u00eet-Joseph<\/strong><\/em>&#8221;&nbsp;sonne un <strong>fa<a href=\"https:\/\/commons.wikimedia.org\/wiki\/File:Llpd%2B1.svg?uselang=fr\"><\/a>\u2009<\/strong>;&nbsp;&#8220;<em><strong>Maurice<\/strong><\/em>&#8221;&nbsp;sonne un <strong>sol<a href=\"https:\/\/commons.wikimedia.org\/wiki\/File:Llpd%2B1.svg?uselang=fr\"><\/a>&nbsp;<\/strong>et enfin,&nbsp;&#8220;<em><strong>Jean-Marie<\/strong><\/em>&#8221;&nbsp;sonne un <strong>la<\/strong>.<br>Un second <strong>bourdon<\/strong>, <strong><em>Marie<\/em><\/strong>, est ajout\u00e9 et fondu par la manufacture&nbsp;<a href=\"https:\/\/fr.wikipedia.org\/wiki\/Royal_Eijsbouts\">Royal Eijsbouts<\/a>. <br>Il sonne en <strong>sol#<\/strong>.<br>L&#8217;ensemble des cloches p\u00e8se plus de <strong>35 <\/strong>tonnes.<\/p>\n\n\n\n<h2 class=\"wp-block-heading\">&gt; L&#8217;incendie de 2019<\/h2>\n\n\n\n<p>Lors de l&#8217;incendie, seules les alimentations \u00e9lectriques des cloches ont \u00e9t\u00e9 affect\u00e9es. <br>Par mesure de s\u00e9curit\u00e9, elles ont toutes \u00e9t\u00e9 d\u00e9pos\u00e9es, notamment pour effectuer des travaux de restauration dans les beffrois. <br>Elles ont d\u00fb \u00eatre nettoy\u00e9es du plomb qui s&#8217;est r\u00e9pandu dans toute l&#8217;\u00e9difice. <br><\/p>\n\n\n<div class=\"wp-block-image\">\n<figure class=\"aligncenter size-full is-resized\"><img decoding=\"async\" width=\"463\" height=\"552\" data-src=\"https:\/\/lebribri.fr\/wp-content\/uploads\/2024\/05\/QuasimodoSonnantLesCloches.png\" alt=\"\" class=\"wp-image-2782 lazyload\" style=\"--smush-placeholder-width: 463px; --smush-placeholder-aspect-ratio: 463\/552;width:388px;height:auto\" data-srcset=\"https:\/\/lebribri.fr\/wp-content\/uploads\/2024\/05\/QuasimodoSonnantLesCloches.png 463w, https:\/\/lebribri.fr\/wp-content\/uploads\/2024\/05\/QuasimodoSonnantLesCloches-252x300.png 252w\" data-sizes=\"(max-width: 463px) 100vw, 463px\" src=\"data:image\/gif;base64,R0lGODlhAQABAAAAACH5BAEKAAEALAAAAAABAAEAAAICTAEAOw==\" \/><figcaption class=\"wp-element-caption\">\u00ab Quasimodo sonnant la cloche \u00bb, Gravure sur bois de <br>Laisn\u00e9 d&#8217;apr\u00e8s un desin de Steinheil.<\/figcaption><\/figure><\/div>\n\n\n<p>D\u00e9sormais, avec la r\u00e9ouverture de Notre Dame, nous pouvons les entendre \u00e0 nouveau.<br>Mais comment terminer cet article sans \u00e9voquer le texte <strong>Victor Hugo<\/strong>.<\/p>\n\n\n\n<blockquote class=\"wp-block-quote is-layout-flow wp-block-quote-is-layout-flow\">\n<p>Il monta donc dans la tour septentrionale.<br>Parvenu dans la haute cage de la sonnerie, Quasimodo consid\u00e9ra quelque temps avec un triste hochement de t\u00eate les six campaniles, comme s&#8217;il g\u00e9missait de quelque chose d&#8217;\u00e9tranger qui s&#8217;\u00e9tait interpos\u00e9 dans son c\u0153ur entre elles et lui.<br>Mais quand il les eut mises en branle, quand il sentit cette grappe de cloches remuer sous sa main, quand il vit, car il ne l&#8217;entendait pas, l&#8217;octave palpitante monter et descendre sur cette \u00e9chelle sonore comme un oiseau qui saute de branche en branche, quand le diable musique, ce d\u00e9mon qui secoue un trousseau \u00e9tincelant de strettes, de trilles et d&#8217;arp\u00e8ges, se fut empar\u00e9 du pauvre sourd, alors il redevint heureux, il oublia tout, et son c\u0153ur qui se dilatait fit \u00e9panouir son visage. Il allait et venait, il frappait des mains, il courait d&#8217;une corde \u00e0 l&#8217;autre, il animait les six chanteurs de la voix et du geste, comme un chef d&#8217;orchestre qui \u00e9peronne des virtuoses intelligents.<br>&nbsp;&#8211; Va, disait-il, va, Gabrielle. Verse tout ton bruit dans la place. C&#8217;est aujourd&#8217;hui f\u00eate.<br>&nbsp;&#8211; Thibault, pas de paresse. Tu te ralentis. Va, va donc! Est-ce que tu t&#8217;es rouill\u00e9, fain\u00e9ant?<br>&#8211; C&#8217;est bien! Vive! Vite! Qu&#8217;on ne voie pas le battant. Rends-les tous sourds comme moi. C&#8217;est cela. Thibault, bravement !<br>\u2013 Guillaume ! Guillaume ! Tu es le plus gros, et Pasquier est le plus petit, et Pasquier va le mieux. Gageons que ceux qui entendent l&#8217;entendent mieux que toi.<br>&nbsp;\u2013 Bien ! bien ! Ma Gabrielle, fort ! plus fort !<br>\u2013 H\u00e9 ! Que faites-vous donc l\u00e0-haut tous deux, les Moineaux ? Je ne vous vois pas faire le plus petit bruit. <br>&#8211; Qu&#8217;est-ce que c&#8217;est que ces becs de cuivre-l\u00e0 qui ont l&#8217;air de b\u00e2iller quand il faut chanter ? \u00c7\u00e0, qu&#8217;on travaille ! C&#8217;est l&#8217;Annonciation. Il y a un beau soleil. Il faut un beau carillon.<br>\u2013 Pauvre Guillaume ! Te voil\u00e0 tout essouffl\u00e9, mon gros !<br>Il \u00e9tait tout occup\u00e9 d&#8217;aiguillonner ses cloches, qui sautaient toutes les six \u00e0 qui mieux mieux et secouaient leurs croupes luisante comme un bruyant attelage de mules espagnoles piqu\u00e9 \u00e7\u00e0 et l\u00e0 par les apostrophes du sagal.<br><br><\/p>\n<\/blockquote>\n\n\n\n<p><\/p>\n","protected":false},"excerpt":{"rendered":"<p>Non, il ne s&#8217;agit pas d&#8217;une nouvelle version du film &#8220;Vincent, Fran\u00e7ois, Paul\u2026 et les autres&#8221;&nbsp;r\u00e9alis\u00e9 par&nbsp;Claude Sautet en 1974 mais du nom des 10 cloches de la cath\u00e9drale Notre Dame de Paris. Le savez-vous ? Chaque cloche d&#8217;\u00e9glise ou de monument religieux porte un pr\u00e9nom et est baptis\u00e9e. Jusqu&#8217;\u00e0 la R\u00e9volution, elle \u00e9tait m\u00eame [&hellip;]<\/p>\n","protected":false},"author":2,"featured_media":2787,"comment_status":"open","ping_status":"open","sticky":false,"template":"","format":"standard","meta":{"om_disable_all_campaigns":false,"_monsterinsights_skip_tracking":false,"_monsterinsights_sitenote_active":false,"_monsterinsights_sitenote_note":"","_monsterinsights_sitenote_category":0,"_uf_show_specific_survey":0,"_uf_disable_surveys":false,"_themeisle_gutenberg_block_has_review":false,"footnotes":""},"categories":[6,13,12],"tags":[],"class_list":["post-2779","post","type-post","status-publish","format-standard","has-post-thumbnail","hentry","category-decouverte-de-paris","category-monuments-et-architecture","category-personnages-historiques","entry","has-media"],"aioseo_notices":[],"_links":{"self":[{"href":"https:\/\/lebribri.fr\/index.php?rest_route=\/wp\/v2\/posts\/2779","targetHints":{"allow":["GET"]}}],"collection":[{"href":"https:\/\/lebribri.fr\/index.php?rest_route=\/wp\/v2\/posts"}],"about":[{"href":"https:\/\/lebribri.fr\/index.php?rest_route=\/wp\/v2\/types\/post"}],"author":[{"embeddable":true,"href":"https:\/\/lebribri.fr\/index.php?rest_route=\/wp\/v2\/users\/2"}],"replies":[{"embeddable":true,"href":"https:\/\/lebribri.fr\/index.php?rest_route=%2Fwp%2Fv2%2Fcomments&post=2779"}],"version-history":[{"count":7,"href":"https:\/\/lebribri.fr\/index.php?rest_route=\/wp\/v2\/posts\/2779\/revisions"}],"predecessor-version":[{"id":3023,"href":"https:\/\/lebribri.fr\/index.php?rest_route=\/wp\/v2\/posts\/2779\/revisions\/3023"}],"wp:featuredmedia":[{"embeddable":true,"href":"https:\/\/lebribri.fr\/index.php?rest_route=\/wp\/v2\/media\/2787"}],"wp:attachment":[{"href":"https:\/\/lebribri.fr\/index.php?rest_route=%2Fwp%2Fv2%2Fmedia&parent=2779"}],"wp:term":[{"taxonomy":"category","embeddable":true,"href":"https:\/\/lebribri.fr\/index.php?rest_route=%2Fwp%2Fv2%2Fcategories&post=2779"},{"taxonomy":"post_tag","embeddable":true,"href":"https:\/\/lebribri.fr\/index.php?rest_route=%2Fwp%2Fv2%2Ftags&post=2779"}],"curies":[{"name":"wp","href":"https:\/\/api.w.org\/{rel}","templated":true}]}}