{"id":2965,"date":"2025-05-31T18:59:54","date_gmt":"2025-05-31T16:59:54","guid":{"rendered":"https:\/\/lebribri.fr\/?p=2965"},"modified":"2025-06-01T11:57:40","modified_gmt":"2025-06-01T09:57:40","slug":"le-gisant-bien-poli-du-pere-lachaise","status":"publish","type":"post","link":"https:\/\/lebribri.fr\/?p=2965","title":{"rendered":"Le gisant bien poli du P\u00e8re Lachaise"},"content":{"rendered":"\n<p>Fl\u00e2ner dans le cimeti\u00e8re du<a href=\"https:\/\/fr.wikipedia.org\/wiki\/Cimeti%C3%A8re_du_P%C3%A8re-Lachaise\" title=\"\"> <strong>P\u00e8re Lachaise<\/strong><\/a><strong> <\/strong>est toujours un plaisir pour moi. Cela peut en surprendre plus d\u2019un. Mais c\u2019est un endroit qui est tellement charg\u00e9 d\u2019histoire au travers de ceux qui y sont enterr\u00e9s que j\u2019ai l\u2019impression d\u2019\u00eatre projet\u00e9 dans les si\u00e8cles pass\u00e9s. Tellement de personnes c\u00e9l\u00e8bres reposent ici, les plans situ\u00e9s \u00e0 l\u2019entr\u00e9e du cimeti\u00e8re peuvent transformer la visite en v\u00e9ritable jeu de piste. <br>Leur nom vous rappelle tout de suite un po\u00e8te, un peintre, un chanteur, un \u00e9crivain ou un homme politique. <strong>Moli\u00e8re<\/strong>, <strong>Pissarro<\/strong>, <strong>Alfred de Musset<\/strong>, <strong>Jim Morrison<\/strong>,<strong> Edith Piaf<\/strong>, <strong>Fr\u00e9d\u00e9ric Chopin<\/strong>, <strong>Marcel Proust <\/strong>et bien d\u2019autres encore.<br>Mais, il faut se rendre \u00e0 l\u2019\u00e9vidence, la majorit\u00e9 des noms qui figurent sur les tombes nous sont inconnus. Tout comme souvent le sont les noms des rues.<br>Vous aimeriez conna\u00eetre leur histoire. Et si ces tombes pouvaient nous raconter la vie de ceux ou celles qui y reposent \u00e0 jamais&nbsp;! Ce serait tellement passionnant.<br>Mais on a beau tendre l\u2019oreille, on n\u2019entend que les oiseaux chanter en d\u00e9ambulant dans les all\u00e9es de ce grand reposoir.<\/p>\n\n\n\n<h2 class=\"wp-block-heading\">&gt; L&#8217;\u00e9nigme du gisant<\/h2>\n\n\n\n<p>Une s\u00e9pulture nous intrigue aujourd\u2019hui. Elle se trouve dans la <strong>92eme division<\/strong>, au bord de l\u2019avenue transversale n\u00b02, non loin de la tombe d\u2019<strong>Edith Piaf,<\/strong> en direction du <strong>mur des Fusill\u00e9s<\/strong>.<br>Entre deux tombes imposantes vous ne pourrez pas manquer ce gisant en bronze. C\u2019est une statue qui repr\u00e9sente un homme couch\u00e9. Une belle stature de pr\u00e8s de <strong>2 m\u00e8tres<\/strong> d\u2019un r\u00e9alisme saisissant.<br>Bien s\u00fbr, vous allez penser que la personne enterr\u00e9e ici devait \u00eatre fortun\u00e9e pour avoir imagin\u00e9 une telle s\u00e9pulture. Un peu tape \u00e0 l\u2019\u0153il, non&nbsp;?<\/p>\n\n\n<div class=\"wp-block-image\">\n<figure class=\"aligncenter size-large is-resized\"><img fetchpriority=\"high\" decoding=\"async\" width=\"1024\" height=\"649\" src=\"https:\/\/lebribri.fr\/wp-content\/uploads\/2025\/05\/Gisant-1024x649.jpg\" alt=\"\" class=\"wp-image-2971\" style=\"width:671px;height:auto\" srcset=\"https:\/\/lebribri.fr\/wp-content\/uploads\/2025\/05\/Gisant-1024x649.jpg 1024w, https:\/\/lebribri.fr\/wp-content\/uploads\/2025\/05\/Gisant-300x190.jpg 300w, https:\/\/lebribri.fr\/wp-content\/uploads\/2025\/05\/Gisant-768x487.jpg 768w, https:\/\/lebribri.fr\/wp-content\/uploads\/2025\/05\/Gisant.jpg 1126w\" sizes=\"(max-width: 1024px) 100vw, 1024px\" \/><\/figure><\/div>\n\n\n<p>Regardez de plus pr\u00e8s. Le gisant repr\u00e9sente un homme en redingote, mains gant\u00e9es, bouche entre-ouverte, la chemise d\u00e9graf\u00e9e, son chapeau a roul\u00e9 sur le c\u00f4t\u00e9. Comme si on venait de le trouver dans la rue.<br>Mais ce qui surprend, et pour tout dire ne peut que vous choquer, ce sont ces parties qui semblent avoir \u00e9t\u00e9 polies tellement elles brillent et contrastent avec le reste de la statue&nbsp;: la bouche et le menton, le bout des chaussures et le pli du pantalon \u00e0 l\u2019entrejambe. L\u2019homme semble bien pourvu par Dame Nature.<br>Au pied de cette statue, \u00e0 droite, une inscription grav\u00e9e va vous en dire plus&nbsp;: <strong><em>\u00ab&nbsp;\u00c0 &nbsp;Victor Noir n\u00e9 le&nbsp;27 juillet&nbsp;1848&nbsp;tu\u00e9 le&nbsp;10 janvier&nbsp;1870&nbsp;\u00bb<\/em><\/strong>. Voil\u00e0 d\u00e9j\u00e0 le nom de celui qui repose ici. &nbsp;Il n\u2019avait qu\u2019une vingtaine d\u2019ann\u00e9es.<br>Il est \u00e9crit aussi <strong><em>\u00ab&nbsp;Souscription nationale&nbsp;\u00bb<\/em><\/strong> et dans le coin inf\u00e9rieur gauche&nbsp;<strong><em>\u00ab&nbsp;Dalou 1890&nbsp;\u00bb<\/em><\/strong>&nbsp;. Voil\u00e0 bien des indices<\/p>\n\n\n\n<h2 class=\"wp-block-heading\">&gt; Un jeune journaliste<\/h2>\n\n\n\n<p>Notre homme est journaliste. <strong><a href=\"https:\/\/fr.wikipedia.org\/wiki\/Cimeti%C3%A8re_du_P%C3%A8re-Lachaise\" title=\"\">Victor Noir<\/a><\/strong> c\u2019est son nom de plume. Il s\u2019appelle en r\u00e9alit\u00e9 <strong>Yvan Salmon<\/strong>. C\u2019est un vosgien n\u00e9 en <strong>1848<\/strong>. Il est notamment r\u00e9dacteur en chef du journal \u00ab\u00a0<strong><em>la Gazette de Java<\/em><\/strong>\u00a0\u00bb, une revue exclusivement r\u00e9dig\u00e9e en javanais (la cl\u00e9 de cet argot largement parl\u00e9 dans le Paris de l&#8217;\u00e9poque, est de placer les lettres AV devant chaque voyelle, par exemple \u00ab\u00a0police\u00a0\u00bb s\u2019\u00e9crit \u00ab\u00a0PAVOLAVICAVE\u00a0\u00bb.\u00a0Peut-\u00eatre pour \u00e9viter la censure.<br>C\u2019est un journal satirique qui n&#8217;h\u00e9site pas \u00e0 railler et \u00e0 combattre le <strong>Second Empire<\/strong> de <strong>Napol\u00e9on III<\/strong>. Le premier num\u00e9ro de cette revue paraitra en <strong>1868<\/strong>. Il sera le seul.<br><strong>Victor Noir<\/strong> collabore \u00e0 d\u2019autres organes de presse qui s\u2019opposent au pouvoir en place comme <strong><em>\u00ab\u00a0La Marseillaise\u00bb<\/em><\/strong> fond\u00e9e en <strong>1869<\/strong> par <strong><a href=\"https:\/\/fr.wikipedia.org\/wiki\/Cimeti%C3%A8re_du_P%C3%A8re-Lachaise\" title=\"\">Henri Rochefort<\/a><\/strong> o\u00f9 il tient quotidiennement la rubrique <strong><em>\u00ab\u00a0Boulevards et Faubourgs\u00a0\u00bb<\/em><\/strong>.<\/p>\n\n\n\n<h2 class=\"wp-block-heading\">&gt; Un sanguin au pass\u00e9 extr\u00eamement agit\u00e9<\/h2>\n\n\n\n<p>Tout commence avec une dispute entre deux journaux corses&nbsp;: <strong><em>\u00ab&nbsp;La Revanche<\/em><\/strong> dirig\u00e9e par des r\u00e9publicains-socialistes et <strong>\u00ab&nbsp;L\u2019Avenir de la Corse&nbsp;\u00bb<\/strong>. <strong><a href=\"https:\/\/fr.wikipedia.org\/wiki\/Pierre-Napol%C3%A9on_Bonaparte\" title=\"\">Pierre Napol\u00e9on Bonaparte<\/a><\/strong>, cousin de Napol\u00e9on III fait partie de la r\u00e9daction et, r\u00e9put\u00e9 bouillonnant voire t\u00eate brul\u00e9e, ( <strong><em>\u00ab Un sanguin au pass\u00e9 extr\u00eamement agit\u00e9 \u00bb<\/em><\/strong>, tel le d\u00e9crit <strong>\u00c9ric Anceau<\/strong>, dans son ouvrage&nbsp;<strong>Napol\u00e9on III<\/strong>), il n\u2019h\u00e9site pas r\u00e9pliquer avec v\u00e9h\u00e9mence \u00e0 tout article qui attaque le <strong>R\u00e9gime<\/strong>. Jugez plut\u00f4t. Il fait paraitre dans <strong><em>\u00ab&nbsp;l\u2019Avenir de la Corse&nbsp;\u00bb<\/em><\/strong> un article qui dit entre autres<\/p>\n\n\n\n<blockquote class=\"wp-block-quote is-layout-flow wp-block-quote-is-layout-flow\">\n<p>\u00ab&nbsp;Malgr\u00e9 les escargots rampants sur le bronze pour le rayer de leur bave, l\u2019aur\u00e9ole du Grand Homme ne sera pas ternie&nbsp;\u00bb<\/p>\n<\/blockquote>\n\n\n\n<p> puis conclut<\/p>\n\n\n\n<blockquote class=\"wp-block-quote is-layout-flow wp-block-quote-is-layout-flow\">\n<p>\u00ab&nbsp;les valeureux Corses leur eussent mis les tripes aux champs si on ne les avait pas retenus&nbsp;\u00bb.<\/p>\n<\/blockquote>\n\n\n<div class=\"wp-block-image\">\n<figure class=\"aligncenter size-full is-resized\"><img decoding=\"async\" width=\"705\" height=\"877\" data-src=\"https:\/\/lebribri.fr\/wp-content\/uploads\/2025\/05\/Pierre-Napoleon-Bonaparte-selon-Daumier.jpg\" alt=\"\" class=\"wp-image-2972 lazyload\" style=\"--smush-placeholder-width: 705px; --smush-placeholder-aspect-ratio: 705\/877;width:486px;height:auto\" data-srcset=\"https:\/\/lebribri.fr\/wp-content\/uploads\/2025\/05\/Pierre-Napoleon-Bonaparte-selon-Daumier.jpg 705w, https:\/\/lebribri.fr\/wp-content\/uploads\/2025\/05\/Pierre-Napoleon-Bonaparte-selon-Daumier-241x300.jpg 241w\" data-sizes=\"(max-width: 705px) 100vw, 705px\" src=\"data:image\/gif;base64,R0lGODlhAQABAAAAACH5BAEKAAEALAAAAAABAAEAAAICTAEAOw==\" \/><figcaption class=\"wp-element-caption\">Pierre Napol\u00e9on Bonaparte selon Daumier<\/figcaption><\/figure><\/div>\n\n\n<p>Le lendemain, dans <strong><em>\u00ab&nbsp;La Revanche&nbsp;\u00bb,<\/em><\/strong> <strong>Louis Tomassi,<\/strong> chef de file des r\u00e9publicains-socialistes r\u00e9plique&nbsp;:<\/p>\n\n\n\n<blockquote class=\"wp-block-quote is-layout-flow wp-block-quote-is-layout-flow\">\n<p> \u00ab&nbsp;Menacer quelqu\u2019un de lui arracher les tripes ne prouve pas qu\u2019il a tort.&nbsp;\u00bb<\/p>\n<\/blockquote>\n\n\n\n<p>Mais surtout, il pr\u00e9cise qu\u2019un des correspondants parisiens du journal saura montrer au <strong>Prince Bonaparte<\/strong> qu\u2019on ne provoque pas impun\u00e9ment les r\u00e9publicains.<br>Le correspondant c\u2019est <a href=\"https:\/\/fr.wikipedia.org\/wiki\/Paschal_Grousset\" title=\"\"><strong>Paschal Grousset<\/strong>,<\/a> corse lui aussi. Il va charger <strong>Ulrich de Fonvieille<\/strong> et <strong>Victor Noir<\/strong> de se rendre au domicile de <strong>Pierre Napol\u00e9on Bonaparte<\/strong>, <strong>rue Auteuil<\/strong>, remettre un <strong>\u00ab&nbsp;cartel&nbsp;\u00bb<\/strong> au prince en son nom.<br>Ce&nbsp;\u00ab&nbsp;<strong>cartel&nbsp;\u00bb,<\/strong>&nbsp;au sens de lettre de&nbsp;<strong>d\u00e9fi,<\/strong>&nbsp;est un document qu&#8217;un individu adresse \u00e0 un autre individu pour r\u00e9gler un diff\u00e9rend par lequel le signataire met en demeure le destinataire de choisir entre des conditions amiables et une vengeance par un duel. C\u2019est tr\u00e8s en vogue \u00e0 l\u2019\u00e9poque.<br>Le jeune<strong> Victor Noir<\/strong> est tout content d\u2019\u00eatre charg\u00e9 de cette mission et qui plus est de porter une telle missive au cousin de <strong>Napol\u00e9on III<\/strong>. Il dira \u00e0 sa vieille servante<\/p>\n\n\n\n<blockquote class=\"wp-block-quote is-layout-flow wp-block-quote-is-layout-flow\">\n<p>&#8221;&nbsp;Brosse moi bien aujourd\u2019hui, je vais chez un prince. Il faut montrer \u00e0 ces gens-l\u00e0 ce que c\u2019est que les gentilhommes.&nbsp;&#8220;<\/p>\n<\/blockquote>\n\n\n\n<p>Nous sommes le <strong>lundi 10 janvier 1870<\/strong>, et le jeune <strong>Victor Noir<\/strong> passe voir sa fianc\u00e9e \u2013 le mariage est pr\u00e9vu prochainement -. Il rejoint <strong>Fonvieille <\/strong>sur le chemin de la <strong>rue d\u2019Anteuil.<\/strong><br>Entre temps,<strong> Pierre Napol\u00e9on Bonaparte<\/strong>, au temp\u00e9rament belliqueux, a lui aussi adress\u00e9 une lettre de d\u00e9fi, mais \u00e0 <strong>Henri de Rochefort <\/strong>en ces mots <\/p>\n\n\n\n<blockquote class=\"wp-block-quote is-layout-flow wp-block-quote-is-layout-flow\">\n<p>\u00ab&nbsp; Si donc par hasard, vous consentez \u00e0 retirer les verrous protecteurs qui rendent votre honorable personne deux fois inviolable, vous me trouverez ni dans un palais, ni dans un ch\u00e2teau, je vis tout bonnement au 59, rue d\u2019Auteuil, je vous promets que si vous vous pr\u00e9sentez, on ne vous dira pas que je suis sorti.&nbsp;\u00bb.<\/p>\n<\/blockquote>\n\n\n\n<p>En r\u00e9ponse, <strong>Rochefort <\/strong>envoie comme c\u2019est la r\u00e8gle deux de ses hommes, <strong>Jean Baptiste Milli\u00e8re<\/strong> et <strong>Arthur Arnoud<\/strong> pour demander r\u00e9paration au domicile du<strong> Prince Bonaparte<\/strong>. Mais ces derniers arriveront apr\u00e8s les envoy\u00e9s de <strong>Grousset<\/strong>.<\/p>\n\n\n\n<h2 class=\"wp-block-heading\">&gt; Le drame de la rue Auteuil<\/h2>\n\n\n\n<p><strong>Pierre Napol\u00e9on Bonaparte<\/strong> re\u00e7oit <strong>Victor Noir<\/strong> et <strong>Ulrich de Fonvieille<\/strong> qui se pr\u00e9sentent au nom de <strong>Paschal<\/strong> <strong>Grousset<\/strong>. Le Prince s\u2019en \u00e9tonne&nbsp;: <\/p>\n\n\n\n<blockquote class=\"wp-block-quote is-layout-flow wp-block-quote-is-layout-flow\">\n<p>\u00ab&nbsp;Vous ne venez pas de la part de Monsieur Rochefort et vous n\u2019\u00eates pas de ses man\u0153uvres&nbsp;?&nbsp;\u00bb<\/p>\n<\/blockquote>\n\n\n\n<p>Et il poursuit&nbsp;: <\/p>\n\n\n\n<blockquote class=\"wp-block-quote is-layout-flow wp-block-quote-is-layout-flow\">\n<p>\u00ab&nbsp;J\u2019ai provoqu\u00e9 Monsieur Rochefort parce qu\u2019il est le porte-parole de la crapule. Quant \u00e0 Monsieur Grasset, je n\u2019ai rien \u00e0 lui r\u00e9pondre. Etes-vous solidaires de ces charognes&nbsp;?&nbsp;\u00bb<\/p>\n<\/blockquote>\n\n\n\n<p>Victor Noir aurait r\u00e9pondu&nbsp;:<\/p>\n\n\n\n<blockquote class=\"wp-block-quote is-layout-flow wp-block-quote-is-layout-flow\">\n<p>\u00ab&nbsp;Nous sommes solidaires de nos amis&nbsp;!&nbsp;\u00bb.<\/p>\n<\/blockquote>\n\n\n<div class=\"wp-block-image\">\n<figure class=\"aligncenter size-full is-resized\"><img decoding=\"async\" width=\"637\" height=\"880\" data-src=\"https:\/\/lebribri.fr\/wp-content\/uploads\/2025\/05\/Lassassinat-de-Victor-Noir-2.jpeg\" alt=\"\" class=\"wp-image-2973 lazyload\" style=\"--smush-placeholder-width: 637px; --smush-placeholder-aspect-ratio: 637\/880;width:514px;height:auto\" data-srcset=\"https:\/\/lebribri.fr\/wp-content\/uploads\/2025\/05\/Lassassinat-de-Victor-Noir-2.jpeg 637w, https:\/\/lebribri.fr\/wp-content\/uploads\/2025\/05\/Lassassinat-de-Victor-Noir-2-217x300.jpeg 217w\" data-sizes=\"(max-width: 637px) 100vw, 637px\" src=\"data:image\/gif;base64,R0lGODlhAQABAAAAACH5BAEKAAEALAAAAAABAAEAAAICTAEAOw==\" \/><figcaption class=\"wp-element-caption\"><em>Le drame d&#8217;Auteuil. Le Prince Pierre Bonaparte tire sur Victor Noir<\/em><br><em>in Recueil. Collection de Vinck. Un si\u00e8cle d&#8217;histoire de France par l&#8217;estampe,<\/em><br><em>1770-1870. Vol. 166 \u00a9 Bnf\/Gallica<\/em><\/figcaption><\/figure><\/div>\n\n\n<p>Selon <strong>Fontvieille<\/strong>, <strong>Pierre Napol\u00e9on Bonaparte<\/strong> aurait imm\u00e9diatement sorti un r\u00e9volver de sa poche et tir\u00e9 \u00e0 bout portant sur <strong>Victor Noir<\/strong> qui titubant et sortant de la pi\u00e8ce et se serait \u00e9croul\u00e9 dans l\u2019escalier. <br>Transport\u00e9 dans une pharmacie voisine, il meurt peu apr\u00e8s. <br>Le <strong>Prince Bonaparte <\/strong>contredira ce t\u00e9moignage, \u00e9voquant avoir \u00e9t\u00e9 frapp\u00e9 par <strong>Victor Noir<\/strong>.<br>Les retentissements de cet \u00e9v\u00e9nements sont \u00e9normes. <strong>Napol\u00e9on III,<\/strong> d\u00e9j\u00e0 tr\u00e8s critiqu\u00e9, est d\u00e9stabilis\u00e9, lui qui tentait un rapprochement avec les <strong>forces de Gauche <\/strong>en voulant lib\u00e9raliser le r\u00e9gime pour apaiser les tensions sociales.<br><strong>Henri de Rochefort<\/strong> \u00e9crit dans son journal :<\/p>\n\n\n\n<blockquote class=\"wp-block-quote is-layout-flow wp-block-quote-is-layout-flow\">\n<p>\u00ab&nbsp;J\u2019ai eu la faiblesse de croire qu\u2019un Bonaparte pouvait \u00eatre autre chose qu\u2019un assassin&nbsp;!&nbsp;\u00bb<\/p>\n<\/blockquote>\n\n\n\n<p>Il sera &nbsp;condamn\u00e9 le <strong>22 janvier 1870<\/strong> \u00e0 six mois de prison pour offense \u00e0 <strong>l\u2019Empereur <\/strong>et provocation \u00e0 la guerre civile.<\/p>\n\n\n<div class=\"wp-block-image\">\n<figure class=\"aligncenter size-full\"><img decoding=\"async\" width=\"505\" height=\"433\" data-src=\"https:\/\/lebribri.fr\/wp-content\/uploads\/2025\/05\/La-Marseillaise-1.jpg\" alt=\"\" class=\"wp-image-2975 lazyload\" data-srcset=\"https:\/\/lebribri.fr\/wp-content\/uploads\/2025\/05\/La-Marseillaise-1.jpg 505w, https:\/\/lebribri.fr\/wp-content\/uploads\/2025\/05\/La-Marseillaise-1-300x257.jpg 300w\" data-sizes=\"(max-width: 505px) 100vw, 505px\" src=\"data:image\/gif;base64,R0lGODlhAQABAAAAACH5BAEKAAEALAAAAAABAAEAAAICTAEAOw==\" style=\"--smush-placeholder-width: 505px; --smush-placeholder-aspect-ratio: 505\/433;\" \/><figcaption class=\"wp-element-caption\">La Marseillaise 12 janvier 1870 (source Gallica)<\/figcaption><\/figure><\/div>\n\n\n<p>Le <strong>mercredi 12 janvier<\/strong>, sous une pluie battante et glac\u00e9e, le jeune <strong>Victor Noir<\/strong> est enterr\u00e9 dans le cimeti\u00e8re de <strong>Neuilly<\/strong> accompagn\u00e9e d\u2019une foule immense. Il est devenu un symbole. Les journaux parlent de<strong> 100.000 \u00e0 300.000 personnes.<\/strong><\/p>\n\n\n\n<h2 class=\"wp-block-heading\">&gt; Le jugement<\/h2>\n\n\n\n<p>Le <strong>Prince Bonaparte<\/strong> ne sera pas jug\u00e9 devant une Cour traditionnelle mais devant la <strong>Haute Cour de Justice<\/strong>. Sa filiation l\u2019impose. Le proc\u00e8s est d\u00e9localis\u00e9 \u00e0 <strong>Tours <\/strong>pour l\u2019\u00e9loigner de la ferveur parisienne. Il &nbsp;a lieu en <strong>mars<\/strong>. Sous tension, il va durer une semaine.<br>Cit\u00e9 \u00e0 la barre et d\u00e9clinant son identit\u00e9, \u00e0 la question du Pr\u00e9sident <\/p>\n\n\n\n<blockquote class=\"wp-block-quote is-layout-flow wp-block-quote-is-layout-flow\">\n<p>\u00ab&nbsp;&#8211; Etes-vous parent ou alli\u00e9 de l\u2019accus\u00e9&nbsp;?&nbsp;\u00bb<\/p>\n<\/blockquote>\n\n\n\n<p><strong> Paschal Grousset<\/strong> aura cette phrase&nbsp;: <\/p>\n\n\n\n<blockquote class=\"wp-block-quote is-layout-flow wp-block-quote-is-layout-flow\">\n<p>\u00ab&nbsp;&#8211; Madame Laetitia a eu trop d\u2019amants pour que je puisse assurer qu\u2019il n\u2019est pas mon parent&nbsp;! \u00bb<\/p>\n<\/blockquote>\n\n\n\n<p>&nbsp;.Au cours des d\u00e9bats les experts se contredisent pour tenter de d\u00e9terminer si le prince a \u00e9t\u00e9 frapp\u00e9 ou non par le journaliste.<br>De nombreux t\u00e9moins favorables \u00e0 l\u2019accus\u00e9, un avocat g\u00e9n\u00e9ral mou, des avocats de la d\u00e9fense qui attaquent plus les r\u00e9publicains qu\u2019ils ne d\u00e9fendent <strong>Pierre Napol\u00e9on Bonaparte,<\/strong> voici comment on peut r\u00e9sumer le proc\u00e8s qui d\u00e9bouche sur <strong>l\u2019acquittement <\/strong>du prince.<br><strong>Napol\u00e9on III<\/strong> conseillera au prince de s\u2019\u00e9loigner quelques temps du sol fran\u00e7ais. Ce qu\u2019il fera.<\/p>\n\n\n\n<h2 class=\"wp-block-heading\">&gt; Un obscur journaliste devenu un symbole r\u00e9publicain et \u2026 \u00e9rotique<\/h2>\n\n\n\n<p>En <strong>1891<\/strong>, soit <strong>21 <\/strong>ann\u00e9es plus tard,&nbsp;la <strong>III\u00e8me R\u00e9publique<\/strong> autorise le transfert du corps de <strong>Victor Noir<\/strong> au <strong>P\u00e8re<\/strong> <strong>Lachaise <\/strong>et une souscription nationale est lanc\u00e9e en vue de r\u00e9aliser un monument fun\u00e9raire. Le sculpteur <strong>Jules Dalou<\/strong>, artiste appr\u00e9ci\u00e9, ancien communard et fervent r\u00e9publicain est charg\u00e9 de sa r\u00e9alisation. Une foule immense participe \u00e0 la c\u00e9r\u00e9monie.<\/p>\n\n\n<div class=\"wp-block-image\">\n<figure class=\"aligncenter size-full is-resized\"><img decoding=\"async\" width=\"500\" height=\"528\" data-src=\"https:\/\/lebribri.fr\/wp-content\/uploads\/2025\/05\/500px-Victor_Noir_par_Appert.jpg\" alt=\"\" class=\"wp-image-2977 lazyload\" style=\"--smush-placeholder-width: 500px; --smush-placeholder-aspect-ratio: 500\/528;width:386px;height:auto\" data-srcset=\"https:\/\/lebribri.fr\/wp-content\/uploads\/2025\/05\/500px-Victor_Noir_par_Appert.jpg 500w, https:\/\/lebribri.fr\/wp-content\/uploads\/2025\/05\/500px-Victor_Noir_par_Appert-284x300.jpg 284w\" data-sizes=\"(max-width: 500px) 100vw, 500px\" src=\"data:image\/gif;base64,R0lGODlhAQABAAAAACH5BAEKAAEALAAAAAABAAEAAAICTAEAOw==\" \/><figcaption class=\"wp-element-caption\">Victor Noir par Eug\u00e8ne Appert <\/figcaption><\/figure><\/div>\n\n\n<p>Mais <strong>Dalou <\/strong>savait-il qu\u2019en dotant son gisant d\u2019une honorable virilit\u00e9, il allait \u00eatre \u00e0 l\u2019origine d\u2019une bien \u00e9trange voire obsc\u00e8ne l\u00e9gende.<br>Au fil des ans, de plus en plus de femmes fr\u00e9quentent le cimeti\u00e8re. Il n\u2019y est plus trop question de soutien \u00e0 la R\u00e9publique.<br>Est-ce le r\u00e9alisme avec lequel Dalou a repr\u00e9sent\u00e9 l\u2019organe viril de <strong>Victor Noir <\/strong>sous son pantalon qui va conduire les femmes en qu\u00eate de descendance \u00e0 venir le toucher ou s\u2019y frotter&nbsp;? Baiser sa bouche ou d\u00e9poser une fleur dans son chapeau \u00e9tait devenu synonyme de mariage dans l\u2019ann\u00e9e.<br>On trouve encore aujourd\u2019hui d\u2019ailleurs tr\u00e8s souvent des petits chaussons de nouveau-n\u00e9 en t\u00e9moignage d\u2019une volont\u00e9 exhauss\u00e9e.<br>L\u2019\u00e9tat du bronze nous laisse \u00e0 penser que ces pratiques subsistent aujourd\u2019hui \u00e0 un tel point que la mairie de Paris a fait retirer les barri\u00e8res \u00e9rig\u00e9es pour la prot\u00e9ger il y a quelques ann\u00e9es.<br>Si <strong>Victor Noir<\/strong> savait que sa s\u00e9pulture serait aujourd\u2019hui qualifi\u00e9e dans certaines revues de <strong><em>\u00ab&nbsp;tombe la plus \u00e9rotique du P\u00e8re Lachaise\u00bb,<\/em><\/strong> qu\u2019en penserait-t-il&nbsp;?<\/p>\n\n\n\n<p>Dans <strong>Paris <\/strong>une autre statue fait, elle aussi, l\u2019objet d\u2019un rituel&nbsp;similaire : celle du buste de <strong>Dalida <\/strong>\u00e0 <strong>Montmartre<\/strong>. La patine du bronze est us\u00e9e par les hommages r\u00e9p\u00e9t\u00e9s des nombreux touristes. Caresser les seins de m\u00e9tal porterait bonheur, particuli\u00e8rement en amour.&nbsp;<\/p>\n\n\n<div class=\"wp-block-image\">\n<figure class=\"aligncenter size-full is-resized\"><img decoding=\"async\" width=\"487\" height=\"580\" data-src=\"https:\/\/lebribri.fr\/wp-content\/uploads\/2025\/05\/Buste-de-Dalida.jpg\" alt=\"\" class=\"wp-image-2968 lazyload\" style=\"--smush-placeholder-width: 487px; --smush-placeholder-aspect-ratio: 487\/580;width:225px;height:auto\" data-srcset=\"https:\/\/lebribri.fr\/wp-content\/uploads\/2025\/05\/Buste-de-Dalida.jpg 487w, https:\/\/lebribri.fr\/wp-content\/uploads\/2025\/05\/Buste-de-Dalida-252x300.jpg 252w\" data-sizes=\"(max-width: 487px) 100vw, 487px\" src=\"data:image\/gif;base64,R0lGODlhAQABAAAAACH5BAEKAAEALAAAAAABAAEAAAICTAEAOw==\" \/><\/figure><\/div>\n\n\n<p><\/p>\n","protected":false},"excerpt":{"rendered":"<p>Fl\u00e2ner dans le cimeti\u00e8re du P\u00e8re Lachaise est toujours un plaisir pour moi. Cela peut en surprendre plus d\u2019un. Mais c\u2019est un endroit qui est tellement charg\u00e9 d\u2019histoire au travers de ceux qui y sont enterr\u00e9s que j\u2019ai l\u2019impression d\u2019\u00eatre projet\u00e9 dans les si\u00e8cles pass\u00e9s. Tellement de personnes c\u00e9l\u00e8bres reposent ici, les plans situ\u00e9s \u00e0 [&hellip;]<\/p>\n","protected":false},"author":1,"featured_media":2967,"comment_status":"open","ping_status":"open","sticky":false,"template":"","format":"standard","meta":{"om_disable_all_campaigns":false,"_monsterinsights_skip_tracking":false,"_monsterinsights_sitenote_active":false,"_monsterinsights_sitenote_note":"","_monsterinsights_sitenote_category":0,"_uf_show_specific_survey":0,"_uf_disable_surveys":false,"_themeisle_gutenberg_block_has_review":false,"footnotes":""},"categories":[6,16,7],"tags":[],"class_list":["post-2965","post","type-post","status-publish","format-standard","has-post-thumbnail","hentry","category-decouverte-de-paris","category-histoire","category-lieux-insolites","entry","has-media"],"aioseo_notices":[],"_links":{"self":[{"href":"https:\/\/lebribri.fr\/index.php?rest_route=\/wp\/v2\/posts\/2965","targetHints":{"allow":["GET"]}}],"collection":[{"href":"https:\/\/lebribri.fr\/index.php?rest_route=\/wp\/v2\/posts"}],"about":[{"href":"https:\/\/lebribri.fr\/index.php?rest_route=\/wp\/v2\/types\/post"}],"author":[{"embeddable":true,"href":"https:\/\/lebribri.fr\/index.php?rest_route=\/wp\/v2\/users\/1"}],"replies":[{"embeddable":true,"href":"https:\/\/lebribri.fr\/index.php?rest_route=%2Fwp%2Fv2%2Fcomments&post=2965"}],"version-history":[{"count":7,"href":"https:\/\/lebribri.fr\/index.php?rest_route=\/wp\/v2\/posts\/2965\/revisions"}],"predecessor-version":[{"id":2983,"href":"https:\/\/lebribri.fr\/index.php?rest_route=\/wp\/v2\/posts\/2965\/revisions\/2983"}],"wp:featuredmedia":[{"embeddable":true,"href":"https:\/\/lebribri.fr\/index.php?rest_route=\/wp\/v2\/media\/2967"}],"wp:attachment":[{"href":"https:\/\/lebribri.fr\/index.php?rest_route=%2Fwp%2Fv2%2Fmedia&parent=2965"}],"wp:term":[{"taxonomy":"category","embeddable":true,"href":"https:\/\/lebribri.fr\/index.php?rest_route=%2Fwp%2Fv2%2Fcategories&post=2965"},{"taxonomy":"post_tag","embeddable":true,"href":"https:\/\/lebribri.fr\/index.php?rest_route=%2Fwp%2Fv2%2Ftags&post=2965"}],"curies":[{"name":"wp","href":"https:\/\/api.w.org\/{rel}","templated":true}]}}