{"id":734,"date":"2025-06-11T10:47:16","date_gmt":"2025-06-11T08:47:16","guid":{"rendered":"https:\/\/lebribri.fr\/?p=734"},"modified":"2025-06-11T11:13:07","modified_gmt":"2025-06-11T09:13:07","slug":"la-naissance-de-la-mome","status":"publish","type":"post","link":"https:\/\/lebribri.fr\/?p=734","title":{"rendered":"La naissance de &#8220;la M\u00f4me&#8221;"},"content":{"rendered":"\n<p>Dans le 20\u00e8me arrondissement, rue <strong>Belleville<\/strong>, au <strong>72<\/strong>, une plaque appos\u00e9e sur l&#8217;immeuble rappelle aux passants que c&#8217;est sur ces marches qu&#8217;est n\u00e9e <strong>Edith Giovanna Gassion<\/strong> le <strong>19 d\u00e9cembre 1915<\/strong>, celle qui deviendra plus tard <strong>Edith Piaf<\/strong>. On la surnommera <strong>&#8220;la m\u00f4me Piaf&#8221; <\/strong>avec ses 1m47. Son p\u00e8re <strong>Louis Gassion,<\/strong> artiste de cirque est au front. Sa m\u00e8re, <strong>Annetta Maillard<\/strong> est chanteuse de rue sous le nom de <strong>Lisa Marsa<\/strong>. Elle l&#8217;abandonnera peu apr\u00e8s sa naissance.<\/p>\n\n\n\n<h2 class=\"wp-block-heading\">&gt; La naissance d&#8217;une voix<\/h2>\n\n\n\n<p>En r\u00e9alit\u00e9, ce jour l\u00e0, deux gardiens de la paix sont appel\u00e9s pour secourir une femme au plus mal, assise sur ces marches. Ils l&#8217;accompagnent au commissariat. C&#8217;est l\u00e0 qu&#8217;elle accouche et qu&#8217;un gardien enroule l&#8217;enfant dans sa p\u00e9lerine. La m\u00e8re et l&#8217;enfant sont transf\u00e9r\u00e9s \u00e0 l&#8217;h\u00f4pital Tenon, 4 rue de Chine. C&#8217;est cette adresse qui figurera sur l&#8217;acte de naissance.<\/p>\n\n\n<div class=\"wp-block-image\">\n<figure class=\"aligncenter\"><img fetchpriority=\"high\" decoding=\"async\" width=\"618\" height=\"895\" src=\"https:\/\/lebribri.fr\/wp-content\/uploads\/2023\/08\/maisonEdithPiaf.png\" alt=\"\" class=\"wp-image-735\" srcset=\"https:\/\/lebribri.fr\/wp-content\/uploads\/2023\/08\/maisonEdithPiaf.png 618w, https:\/\/lebribri.fr\/wp-content\/uploads\/2023\/08\/maisonEdithPiaf-207x300.png 207w\" sizes=\"(max-width: 618px) 100vw, 618px\" \/><\/figure><\/div>\n\n\n<p><\/p>\n\n\n\n<h2 class=\"wp-block-heading\">&gt; N\u00e9e dans la mis\u00e8re<\/h2>\n\n\n\n<p>La petite <strong>Edith <\/strong>est une enfant de la balle. Sa famille est dans le cirque depuis deux g\u00e9n\u00e9rations. Son p\u00e8re est surnomm\u00e9 \u00ab<strong><em>&nbsp;l&#8217;homme qui marche la t\u00eate \u00e0 l&#8217;envers<\/em><\/strong>&nbsp;\u00bb. Il est contorsionniste et antipodiste. Son grand p\u00e8re \u00e9tait \u00e9cuyer de cirque et c&#8217;est sa grand m\u00e8re maternelle, <strong>L\u00e9ontine <\/strong>dite &#8220;<strong>Maman Titine<\/strong>&#8220;, tenanci\u00e8re d&#8217;une maison close en Normandie qui va la recueillir apr\u00e8s son abandon par sa m\u00e8re \u00e2g\u00e9e de 20 ans. Cette derni\u00e8re a commenc\u00e9 une carri\u00e8re d&#8217;\u00e9cuy\u00e8re mais chante aussi. Elle se produira au &#8220;<strong><em>Chat Noir<\/em><\/strong>&#8221; mais elle a un penchant av\u00e9r\u00e9 pour l&#8217;alcool et la drogue.<br>L&#8217;enfant est choy\u00e9e par les prostitu\u00e9es et mange \u00e0 sa faim. <br>Son p\u00e8re la reprend avec lui \u00e0 7 ans. Edith vit alors en caravane et commence \u00e0 chanter apr\u00e8s le num\u00e9ro d&#8217;acrobate de son p\u00e8re.<br>A 15 ans, elle quitte son p\u00e8re pour chanter en duo avec&nbsp;<a href=\"https:\/\/fr.wikipedia.org\/wiki\/Simone_Berteaut\">Simone Berteaut<\/a>, dite \u00ab&nbsp;<strong><em>Momone&nbsp;<\/em><\/strong>\u00bb. Elle trainera dans les cabarets de la capitale, les guinguettes, s&#8217;amourachera d&#8217;un gar\u00e7on livreur avec qui elle aura une fille qui d\u00e9c\u00e8dera d&#8217;une m\u00e9ningite \u00e0 28 mois.<br>En 1935, elle est remarqu\u00e9e par <a href=\"https:\/\/fr.wikipedia.org\/wiki\/Louis_Lepl%C3%A9e\">Louis Lepl\u00e9e<\/a>, g\u00e9rant du cabaret&nbsp;<em><a href=\"https:\/\/fr.wikipedia.org\/wiki\/Le_Gerny%27s\">Le Gerny&#8217;s<\/a><\/em> qui l&#8217;embauche. C&#8217;est lui qui lui choisit comme nom de sc\u00e8ne&nbsp;\u00ab<em><strong>&nbsp;la m\u00f4me Piaf<\/strong><\/em>&nbsp;\u00bb en raison de sa petite taille de 1,47&nbsp;m.<br>En mars 1937, Edith Piaf d\u00e9bute sa carri\u00e8re de music hall. Ses chansons passent \u00e0 la radio. Sa carri\u00e8re est lanc\u00e9e.<\/p>\n\n\n\n<h2 class=\"wp-block-heading\">&gt; Quelques anecdotes de sa vie<\/h2>\n\n\n\n<p>On sait qu&#8217;Edith Piaf eu beaucoup d&#8217;amants, souvent jeunes : Yves Montand, Paul Meurisse, Georges Moustaki ou Th\u00e9o Sarapo \u00e0 la fin de sa vie. Son idylle avec le boxeur Marcel Cerdan est connue de tous. &nbsp;<br>Marcel Cerdan disait de cet amour : <\/p>\n\n\n\n<blockquote class=\"wp-block-quote is-layout-flow wp-block-quote-is-layout-flow\">\n<p><strong>\u00ab<em>&nbsp;Il y a une Edith Piaf et j\u2019ai de la chance, moi, pauvre brute de boxeur, d\u2019\u00eatre aim\u00e9 par elle<\/em>&nbsp;\u00bb.&nbsp;<\/strong><\/p>\n<\/blockquote>\n\n\n<div class=\"wp-block-image\">\n<figure class=\"aligncenter size-full\"><img decoding=\"async\" width=\"650\" height=\"411\" data-src=\"https:\/\/lebribri.fr\/wp-content\/uploads\/2023\/08\/Edith-Piaf-et-Marcel-Cerdan_portrait_w858.jpg\" alt=\"\" class=\"wp-image-2685 lazyload\" data-srcset=\"https:\/\/lebribri.fr\/wp-content\/uploads\/2023\/08\/Edith-Piaf-et-Marcel-Cerdan_portrait_w858.jpg 650w, https:\/\/lebribri.fr\/wp-content\/uploads\/2023\/08\/Edith-Piaf-et-Marcel-Cerdan_portrait_w858-300x190.jpg 300w\" data-sizes=\"(max-width: 650px) 100vw, 650px\" src=\"data:image\/gif;base64,R0lGODlhAQABAAAAACH5BAEKAAEALAAAAAABAAEAAAICTAEAOw==\" style=\"--smush-placeholder-width: 650px; --smush-placeholder-aspect-ratio: 650\/411;\" \/><figcaption class=\"wp-element-caption\">Marcel Cerdan et Edith Piaf, en 1948. Presse Alliance<\/figcaption><\/figure><\/div>\n\n\n<p>Il mourra dans un accident d&#8217;avion le&nbsp;28 octobre 1949. <strong>Edit Piaf<\/strong> , ayant insist\u00e9 pour qu&#8217;il revienne des Etats Unis par avion plut\u00f4t qu&#8217;en bateau ne s&#8217;en remettra jamais.<br>Quant \u00e0 <strong>Charles Aznavour<\/strong> qui sera pendant de nombreuses ann\u00e9es son secr\u00e9taire particulier et son chauffeur, elle n&#8217;aura pas de liaison avec lui, ne le trouvant pas physiquement \u00e0 son go\u00fbt. C&#8217;est d&#8217;ailleurs elle qui payera l&#8217;op\u00e9ration de son nez qui, pour elle, allait \u00eatre un handicap \u00e0 sa carri\u00e8re. <br><strong>Charles Aznavour<\/strong> dira d&#8217;ailleurs dans &#8220;<strong><em>Paris Match<\/em><\/strong>&#8221; :<\/p>\n\n\n\n<blockquote class=\"wp-block-quote is-layout-flow wp-block-quote-is-layout-flow\">\n<p>&nbsp;&#8220;<em><strong>Elle m\u2019a pay\u00e9 mon nouveau pif! Elle a eu raison, \u00e7a m\u2019a chang\u00e9 la vie. Mon nez \u00e9tait lourd \u00e0 porter. Une fois qu\u2019on me l\u2019a coup\u00e9, j\u2019ai pu relever la t\u00eate !<\/strong><\/em>&#8220;,&nbsp;<\/p>\n<\/blockquote>\n\n\n\n<p>On raconte qu&#8217;Edith Piaf ne se levait jamais avant 15h. Elle recevait chez elle \u00e0 partir de 17h tous les pianistes qui venaient lui proposer leur composition. C\u2019est ainsi qu\u2019est n\u00e9e une de ses plus fameuses chansons&nbsp;: <strong><em>\u201cNon, rien de rien. Non, je ne regrette rien\u201d.<\/em><\/strong><\/p>\n\n\n\n<h2 class=\"wp-block-heading\">&gt; Son dernier voyage en ambulance<\/h2>\n\n\n\n<p>Le&nbsp;<strong>10 octobre 1963&nbsp;<\/strong>\u00e0&nbsp;13&nbsp;h&nbsp;10, <strong>\u00c9dith Piaf<\/strong> meurt \u00e0 <strong>47<\/strong> ans dans sa villa d&#8217;un quartier de <strong>Grasse<\/strong>. Elle lutte depuis plusieurs ann\u00e9es contre la maladie une polyarthrite rhumato\u00efde et consomme surtout beaucoup de morphine et d&#8217;alcool.<br>On lui pr\u00eate ces derniers mots :<\/p>\n\n\n\n<blockquote class=\"wp-block-quote is-layout-flow wp-block-quote-is-layout-flow\">\n<p><strong>\u00ab&nbsp;Chaque putain de chose qu&#8217;on fait dans cette vie, on doit la payer.&nbsp;\u00bb<\/strong><\/p>\n<\/blockquote>\n\n\n\n<p> Mais son souhait \u00e9tait de mourir \u00e0 <strong>Paris<\/strong>. Son infirmi\u00e8re et <strong>Th\u00e9o Sarapo<\/strong> d\u00e9cident alors de ramener le corps en ambulance avec chauffeur, pr\u00eat\u00e9e par la m\u00e8re sup\u00e9rieure de la clinique de <strong>Cannes La Bocca<\/strong>. <br>Son d\u00e9c\u00e8s sera annonc\u00e9 le matin depuis son domicile parisien.<\/p>\n\n\n\n<p>Son ami <strong>Jean Cocteau <\/strong>apprenant la mort de son amie <strong>Edith Piaf <\/strong>aurait d\u00e9clar\u00e9<\/p>\n\n\n\n<blockquote class=\"wp-block-quote is-layout-flow wp-block-quote-is-layout-flow\">\n<p><strong>\u00ab&nbsp;C&#8217;est le bateau qui ach\u00e8ve de couler. C&#8217;est ma derni\u00e8re journ\u00e9e sur cette Terre.&nbsp;Je n&#8217;ai jamais connu d&#8217;\u00eatre moins \u00e9conome de son \u00e2me. Elle ne la d\u00e9pensait pas, elle la prodiguait, elle en jetait l&#8217;or par les fen\u00eatres&nbsp;\u00bb<\/strong><\/p>\n<\/blockquote>\n\n\n\n<p><strong>Jean Cocteau<\/strong> meurt 6 heures plus tard.<\/p>\n\n\n\n<h2 class=\"wp-block-heading\">&gt; Edith Piaf une voix qui reste grav\u00e9e dans le c\u0153ur des Fran\u00e7ais<\/h2>\n\n\n\n<p>Je ne peux pas  r\u00e9sister \u00e0 vous faire r\u00e9\u00e9couter sa voix.<br>   <\/p>\n\n\n\n<figure class=\"wp-block-video\"><video controls src=\"https:\/\/lebribri.fr\/wp-content\/uploads\/2023\/08\/Edith-Piaf-Mon-Dieu-Archive-INA_360p.mp4\"><\/video><\/figure>\n\n\n\n<p><\/p>\n\n\n\n<div class=\"wp-block-buttons is-content-justification-center is-layout-flex wp-container-core-buttons-is-layout-16018d1d wp-block-buttons-is-layout-flex\">\n<div class=\"wp-block-button\"><a class=\"wp-block-button__link wp-element-button\" href=\"https:\/\/www.google.com\/maps\/d\/edit?mid=1uuq0jgcjdVngZjMugKPfgQN4tqg&amp;ll=48.87745540736425%2C2.355457271572927&amp;z=13\">Voir sur la carte<\/a><\/div>\n<\/div>\n","protected":false},"excerpt":{"rendered":"<p>Dans le 20\u00e8me arrondissement, rue Belleville, au 72, une plaque appos\u00e9e sur l&#8217;immeuble rappelle aux passants que c&#8217;est sur ces marches qu&#8217;est n\u00e9e Edith Giovanna Gassion le 19 d\u00e9cembre 1915, celle qui deviendra plus tard Edith Piaf. On la surnommera &#8220;la m\u00f4me Piaf&#8221; avec ses 1m47. Son p\u00e8re Louis Gassion, artiste de cirque est au [&hellip;]<\/p>\n","protected":false},"author":2,"featured_media":736,"comment_status":"open","ping_status":"open","sticky":false,"template":"","format":"standard","meta":{"om_disable_all_campaigns":false,"_monsterinsights_skip_tracking":false,"_monsterinsights_sitenote_active":false,"_monsterinsights_sitenote_note":"","_monsterinsights_sitenote_category":0,"_uf_show_specific_survey":0,"_uf_disable_surveys":false,"_themeisle_gutenberg_block_has_review":false,"footnotes":""},"categories":[6,7,12],"tags":[],"class_list":["post-734","post","type-post","status-publish","format-standard","has-post-thumbnail","hentry","category-decouverte-de-paris","category-lieux-insolites","category-personnages-historiques","entry","has-media"],"aioseo_notices":[],"_links":{"self":[{"href":"https:\/\/lebribri.fr\/index.php?rest_route=\/wp\/v2\/posts\/734","targetHints":{"allow":["GET"]}}],"collection":[{"href":"https:\/\/lebribri.fr\/index.php?rest_route=\/wp\/v2\/posts"}],"about":[{"href":"https:\/\/lebribri.fr\/index.php?rest_route=\/wp\/v2\/types\/post"}],"author":[{"embeddable":true,"href":"https:\/\/lebribri.fr\/index.php?rest_route=\/wp\/v2\/users\/2"}],"replies":[{"embeddable":true,"href":"https:\/\/lebribri.fr\/index.php?rest_route=%2Fwp%2Fv2%2Fcomments&post=734"}],"version-history":[{"count":4,"href":"https:\/\/lebribri.fr\/index.php?rest_route=\/wp\/v2\/posts\/734\/revisions"}],"predecessor-version":[{"id":3081,"href":"https:\/\/lebribri.fr\/index.php?rest_route=\/wp\/v2\/posts\/734\/revisions\/3081"}],"wp:featuredmedia":[{"embeddable":true,"href":"https:\/\/lebribri.fr\/index.php?rest_route=\/wp\/v2\/media\/736"}],"wp:attachment":[{"href":"https:\/\/lebribri.fr\/index.php?rest_route=%2Fwp%2Fv2%2Fmedia&parent=734"}],"wp:term":[{"taxonomy":"category","embeddable":true,"href":"https:\/\/lebribri.fr\/index.php?rest_route=%2Fwp%2Fv2%2Fcategories&post=734"},{"taxonomy":"post_tag","embeddable":true,"href":"https:\/\/lebribri.fr\/index.php?rest_route=%2Fwp%2Fv2%2Ftags&post=734"}],"curies":[{"name":"wp","href":"https:\/\/api.w.org\/{rel}","templated":true}]}}